[{"@context":"https:\/\/schema.org\/","@type":"Article","@id":"https:\/\/www.bigbig.cz\/nakupy-se-spoustou-slev-a-vyhod-to-je-black-friday\/#Article","mainEntityOfPage":"https:\/\/www.bigbig.cz\/nakupy-se-spoustou-slev-a-vyhod-to-je-black-friday\/","headline":"N\u00e1kupy se spoustou slev a v\u00fdhod \u2013 to je Black Friday!","name":"N\u00e1kupy se spoustou slev a v\u00fdhod \u2013 to je Black Friday!","description":"Black Friday neboli \u010cern\u00fd p\u00e1tek je dal\u0161\u00edm \u201esv\u00e1tkem\u201c, kter\u00fd k n\u00e1m dorazil z USA. P\u0159ipad\u00e1 na prvn\u00ed p\u00e1tek po Dni [&hellip;]","datePublished":"2019-11-20","dateModified":"2023-05-19","author":{"@type":"Person","@id":"https:\/\/www.bigbig.cz\/author\/#Person","name":"","url":"https:\/\/www.bigbig.cz\/author\/","identifier":1,"image":{"@type":"ImageObject","@id":"https:\/\/secure.gravatar.com\/avatar\/b682f75cb96d085fca5fbc8ca3f08e323444e236f6e6028585b73de81c46f711?s=96&d=mm&r=g","url":"https:\/\/secure.gravatar.com\/avatar\/b682f75cb96d085fca5fbc8ca3f08e323444e236f6e6028585b73de81c46f711?s=96&d=mm&r=g","height":96,"width":96}},"publisher":{"@type":"Organization","name":"bigbig.cz","logo":{"@type":"ImageObject","@id":"\/logo.png","url":"\/logo.png","width":600,"height":60}},"image":{"@type":"ImageObject","@id":"https:\/\/www.bigbig.cz\/wp-content\/uploads\/img_a356497_w1696_t1571053379.jpg","url":"https:\/\/www.bigbig.cz\/wp-content\/uploads\/img_a356497_w1696_t1571053379.jpg","height":0,"width":0},"url":"https:\/\/www.bigbig.cz\/nakupy-se-spoustou-slev-a-vyhod-to-je-black-friday\/","about":["Business"],"wordCount":448,"articleBody":"        Black Friday neboli \u010cern\u00fd p\u00e1tek je dal\u0161\u00edm \u201esv\u00e1tkem\u201c, kter\u00fd k n\u00e1m dorazil z USA. P\u0159ipad\u00e1 na prvn\u00ed p\u00e1tek po Dni d\u00edk\u016fvzd\u00e1n\u00ed (4. \u010dtvrtek v listopadu) a prodejci jej slav\u00ed t\u00edm, \u017ee l\u00e1kaj\u00ed z\u00e1kazn\u00edky na v\u00fdprodeje a slevy. Krom\u011b USA se Black Friday t\u011b\u0161\u00ed velk\u00e9 oblib\u011b tak\u00e9 v Kanad\u011b a v posledn\u00edch letech se s n\u00edm st\u00e1le setk\u00e1v\u00e1me i u na\u0161ich obchodn\u00edk\u016f. Pro\u010d pr\u00e1v\u011b Black Friday? Existuj\u00ed 2 teorie. Podle prvn\u00ed se americk\u00e9 obchody pr\u00e1v\u011b v tento den dost\u00e1vaj\u00ed ze ztr\u00e1t do zisk\u016f, tedy z \u010derven\u00fdch \u010d\u00edsel do \u010dern\u00fdch. Zast\u00e1nci druh\u00e9 teorie jsou p\u0159esv\u011bd\u010den\u00ed, \u017ee pojmenov\u00e1n\u00ed Black Friday vych\u00e1z\u00ed z velk\u00fdch dopravn\u00edch kolaps\u016f typick\u00fdch pro p\u00e1tek po Dni d\u00edk\u016fvzd\u00e1n\u00ed. V USA je Black Friday obrovsk\u00e1 ud\u00e1lost, na kter\u00fd se cel\u00fd rok p\u0159ipravuj\u00ed obchodn\u00edci i z\u00e1kazn\u00edci. V n\u011bkter\u00fdch st\u00e1tech dost\u00e1vaj\u00ed zam\u011bstnanci celodenn\u00ed volno. Obchody otev\u00edraj\u00ed o n\u011bkolik hodin d\u0159\u00edve, \u010dasto i o p\u016flnoci \u010di dokonce je\u0161t\u011b p\u0159ed n\u00ed. Pr\u00e1v\u011b t\u00edmto dnem tak\u00e9 za\u010d\u00edn\u00e1 p\u0159edv\u00e1no\u010dn\u00ed n\u00e1kupn\u00ed hore\u010dka. K n\u00e1m tento sv\u00e1tek p\u0159ivezla americk\u00e1 spole\u010dnost Apple. Byla to pr\u00e1v\u011b jej\u00ed prodejna, kter\u00e1 v roce 2013 uspo\u0159\u00e1dala v\u016fbec prvn\u00ed \u010cern\u00fd p\u00e1tek v \u010cesk\u00e9 republice. N\u00e1padu se velmi rychle ujaly dal\u0161\u00ed spole\u010dnosti a svou oblibu si z\u00edskal i mezi z\u00e1kazn\u00edky. Pro\u010d taky ne? \u010cern\u00fd p\u00e1tek znamen\u00e1 spoustu zbo\u017e\u00ed za sn\u00ed\u017een\u00e9 ceny a neuv\u011b\u0159iteln\u00e9 slevy. U n\u00e1s je ale v dne\u0161n\u00ed dob\u011b pojmenov\u00e1n\u00ed \u010cern\u00fd p\u00e1tek trochu zav\u00e1d\u011bj\u00edc\u00ed. Zna\u010dn\u00e1 \u010d\u00e1st prodejc\u016f ho toti\u017e pou\u017e\u00edv\u00e1 pro v\u0161echny sv\u00e9 marketingov\u00e9 akce a v\u00fdprodeje. \u010cern\u00fd p\u00e1tek se tak slav\u00ed i n\u011bkolikr\u00e1t ro\u010dn\u011b a vlastn\u011b nemus\u00ed j\u00edt ani o p\u00e1tek. V \u010cesku na\u0161t\u011bst\u00ed nedoch\u00e1z\u00ed k davov\u00fdm \u0161\u00edlenstv\u00edm, jak\u00e1 m\u016f\u017eeme vid\u011bt v americk\u00fdch obchodech. \u010casto se ale setk\u00e1me s podvody obchodn\u00edk\u016f, kte\u0159\u00ed zbo\u017e\u00ed p\u0159ed akc\u00ed z\u00e1m\u011brn\u011b zdra\u017e\u00ed. To tak stoj\u00ed i po v\u0161ech t\u011bch b\u00e1je\u010dn\u00fdch slev\u00e1ch skoro stejn\u011b jako p\u0159ed nimi. V\u017edy si proto rad\u011bji porovnejte v\u00fdhodn\u00e9 ceny s nab\u00eddkami jin\u00fdch obchod\u016f. Budete m\u00edt jistotu, \u017ee nakupujete opravdu zlevn\u011bn\u00e9, a ne \u201ezlevn\u011bn\u00e9\u201c zbo\u017e\u00ed. A va\u0161i radost ze skv\u011bl\u00e9ho nakupov\u00e1n\u00ed v\u00e1m nic nezkaz\u00ed!                                                                                                                                                                                                                                                                                                                                                                                          4.1\/5 - (7 votes)        "},{"@context":"https:\/\/schema.org\/","@type":"BreadcrumbList","itemListElement":[{"@type":"ListItem","position":1,"name":"N\u00e1kupy se spoustou slev a v\u00fdhod \u2013 to je Black Friday!","item":"https:\/\/www.bigbig.cz\/nakupy-se-spoustou-slev-a-vyhod-to-je-black-friday\/#breadcrumbitem"}]}]